{"id":24349,"__str__":"Mo\u00e7\u00e3o Congratulat\u00f3ria n\u00ba 128 de 2018","link_detail_backend":"/materia/24349","metadata":{},"numero":128,"ano":2018,"numero_protocolo":null,"data_apresentacao":"2018-12-05","tipo_apresentacao":"E","data_publicacao":null,"numero_origem_externa":"","ano_origem_externa":null,"data_origem_externa":null,"apelido":"Mo\u00e7\u00e3o Congratulat\u00f3ria","dias_prazo":null,"data_fim_prazo":null,"em_tramitacao":false,"polemica":null,"objeto":"Mo\u00e7\u00e3o Congratulat\u00f3ria","complementar":false,"ementa":"Mo\u00e7\u00e3o Congratulat\u00f3ria \u00e0 Pastoral da Acolhida do Santu\u00e1rio de Nossa Senhora Aparecida, por evangelizar atrav\u00e9s da postura mission\u00e1ria, de acolhimento do outro para a Palavra e para a Eucaristia do \u201cSenhor\u201d.","indexacao":"Mo\u00e7\u00e3o Congratulat\u00f3ria - Pastoral da Acolhida do Santu\u00e1rio de Nossa Senhora Aparecida","observacao":"","resultado":"","texto_original":null,"data_ultima_atualizacao":"2019-04-23T16:54:21.176747-03:00","ip":"","ultima_edicao":null,"tipo":31,"regime_tramitacao":1,"tipo_origem_externa":null,"local_origem_externa":null,"user":null,"anexadas":[],"autores":[198]}