{"id":149038,"__str__":"Parecer n\u00ba 143 de 2025 | Inclu\u00eddo na Ordem do Dia | 05/06/2025","link_detail_backend":"/materia/tramitacao/149038","metadata":{},"timestamp":"2025-06-05T17:56:59.106599-03:00","data_tramitacao":"2025-06-05","data_encaminhamento":null,"urgente":false,"turno":"","texto":"Solicitada e aprovada a Inclus\u00e3o na Ordem do Dia da Reuni\u00e3o Ordin\u00e1ria n\u00ba CM-033/2025, de 05/06/2025.","data_fim_prazo":null,"ip":"200.146.241.153","ultima_edicao":"2025-06-05T17:57:29.520939-03:00","status":3,"materia":42627,"unidade_tramitacao_local":4,"unidade_tramitacao_destino":1,"user":73}